{"id":83,"date":"2024-05-02T17:12:51","date_gmt":"2024-05-02T17:12:51","guid":{"rendered":"https:\/\/projetos.jssites.com\/sites\/odontologia\/?p=83"},"modified":"2024-05-03T12:33:19","modified_gmt":"2024-05-03T12:33:19","slug":"consequencias-da-carie-para-sua-saude","status":"publish","type":"post","link":"https:\/\/projetos.jssites.com\/sites\/odontologia\/consequencias-da-carie-para-sua-saude\/","title":{"rendered":"Consequ\u00eancias Da C\u00e1rie Para Sua Sa\u00fade"},"content":{"rendered":"\n<p>As c\u00e1ries dent\u00e1rias, se n\u00e3o tratadas adequadamente, podem ter v\u00e1rias consequ\u00eancias negativas para a sa\u00fade bucal e geral. Inicialmente, as c\u00e1ries podem causar dor e desconforto ao mastigar alimentos, especialmente quando atingem camadas mais profundas do dente e afetam os nervos. Esse desconforto pode interferir na alimenta\u00e7\u00e3o e no bem-estar geral do indiv\u00edduo, impactando sua qualidade de vida.<\/p>\n\n\n\n<p>Al\u00e9m da dor, as c\u00e1ries podem levar \u00e0 forma\u00e7\u00e3o de abscessos dent\u00e1rios, que s\u00e3o infec\u00e7\u00f5es graves na raiz do dente. Essas infec\u00e7\u00f5es podem se espalhar para outras \u00e1reas da boca, causando incha\u00e7o facial, febre e at\u00e9 mesmo complica\u00e7\u00f5es sist\u00eamicas se n\u00e3o forem tratadas prontamente. Portanto, as c\u00e1ries n\u00e3o tratadas podem representar um risco para a sa\u00fade geral do paciente, n\u00e3o apenas para sua sa\u00fade bucal.<\/p>\n\n\n\n<p>A longo prazo, as c\u00e1ries n\u00e3o tratadas podem resultar na perda do dente afetado. A falta de um dente pode afetar a capacidade de mastiga\u00e7\u00e3o, fala e est\u00e9tica do sorriso, impactando a autoconfian\u00e7a e a qualidade de vida do indiv\u00edduo. Al\u00e9m disso, a perda de um dente pode levar a problemas de oclus\u00e3o e desalinhamento dos dentes remanescentes, aumentando o risco de desenvolver outros problemas bucais, como gengivite e periodontite.<\/p>\n\n\n\n<p>Portanto, \u00e9 fundamental realizar uma higiene bucal adequada, incluindo escova\u00e7\u00e3o regular, uso de fio dental e visitas peri\u00f3dicas ao dentista para exames preventivos e tratamento precoce de c\u00e1ries. Investir na preven\u00e7\u00e3o e tratamento das c\u00e1ries n\u00e3o apenas promove a sa\u00fade bucal, mas tamb\u00e9m contribui para a sa\u00fade e o bem-estar geral do indiv\u00edduo.<\/p>\n","protected":false},"excerpt":{"rendered":"<p>As c\u00e1ries dent\u00e1rias, se n\u00e3o tratadas adequadamente, podem ter v\u00e1rias consequ\u00eancias negativas para a sa\u00fade bucal e geral. Inicialmente, as c\u00e1ries podem causar dor e desconforto ao mastigar alimentos, especialmente quando atingem camadas mais profundas do dente e afetam os nervos.<\/p>\n","protected":false},"author":1,"featured_media":78,"comment_status":"open","ping_status":"open","sticky":false,"template":"","format":"standard","meta":{"footnotes":""},"categories":[8],"tags":[],"class_list":["post-83","post","type-post","status-publish","format-standard","has-post-thumbnail","hentry","category-carie"],"_links":{"self":[{"href":"https:\/\/projetos.jssites.com\/sites\/odontologia\/wp-json\/wp\/v2\/posts\/83","targetHints":{"allow":["GET"]}}],"collection":[{"href":"https:\/\/projetos.jssites.com\/sites\/odontologia\/wp-json\/wp\/v2\/posts"}],"about":[{"href":"https:\/\/projetos.jssites.com\/sites\/odontologia\/wp-json\/wp\/v2\/types\/post"}],"author":[{"embeddable":true,"href":"https:\/\/projetos.jssites.com\/sites\/odontologia\/wp-json\/wp\/v2\/users\/1"}],"replies":[{"embeddable":true,"href":"https:\/\/projetos.jssites.com\/sites\/odontologia\/wp-json\/wp\/v2\/comments?post=83"}],"version-history":[{"count":3,"href":"https:\/\/projetos.jssites.com\/sites\/odontologia\/wp-json\/wp\/v2\/posts\/83\/revisions"}],"predecessor-version":[{"id":168,"href":"https:\/\/projetos.jssites.com\/sites\/odontologia\/wp-json\/wp\/v2\/posts\/83\/revisions\/168"}],"wp:featuredmedia":[{"embeddable":true,"href":"https:\/\/projetos.jssites.com\/sites\/odontologia\/wp-json\/wp\/v2\/media\/78"}],"wp:attachment":[{"href":"https:\/\/projetos.jssites.com\/sites\/odontologia\/wp-json\/wp\/v2\/media?parent=83"}],"wp:term":[{"taxonomy":"category","embeddable":true,"href":"https:\/\/projetos.jssites.com\/sites\/odontologia\/wp-json\/wp\/v2\/categories?post=83"},{"taxonomy":"post_tag","embeddable":true,"href":"https:\/\/projetos.jssites.com\/sites\/odontologia\/wp-json\/wp\/v2\/tags?post=83"}],"curies":[{"name":"wp","href":"https:\/\/api.w.org\/{rel}","templated":true}]}}